{"id":740,"date":"2016-06-07T15:28:25","date_gmt":"2016-06-07T14:28:25","guid":{"rendered":"http:\/\/gite-courtillas.fr\/?p=740"},"modified":"2016-06-07T15:29:24","modified_gmt":"2016-06-07T14:29:24","slug":"740","status":"publish","type":"post","link":"https:\/\/gite-courtillas.fr\/index.php\/2016\/06\/07\/740\/","title":{"rendered":"Classement"},"content":{"rendered":"<p><a href=\"http:\/\/gite-courtillas.fr\/wp-content\/uploads\/2016\/06\/Meubl\u00e9Tourisme.jpg\"><img loading=\"lazy\" decoding=\"async\" class=\"alignnone size-medium wp-image-741\" src=\"http:\/\/gite-courtillas.fr\/wp-content\/uploads\/2016\/06\/Meubl\u00e9Tourisme-300x107.jpg\" alt=\"Meubl\u00e9Tourisme\" width=\"300\" height=\"107\" srcset=\"https:\/\/gite-courtillas.fr\/wp-content\/uploads\/2016\/06\/Meubl\u00e9Tourisme-300x107.jpg 300w, https:\/\/gite-courtillas.fr\/wp-content\/uploads\/2016\/06\/Meubl\u00e9Tourisme-768x274.jpg 768w, https:\/\/gite-courtillas.fr\/wp-content\/uploads\/2016\/06\/Meubl\u00e9Tourisme-250x89.jpg 250w, https:\/\/gite-courtillas.fr\/wp-content\/uploads\/2016\/06\/Meubl\u00e9Tourisme-150x54.jpg 150w, https:\/\/gite-courtillas.fr\/wp-content\/uploads\/2016\/06\/Meubl\u00e9Tourisme.jpg 798w\" sizes=\"auto, (max-width: 300px) 100vw, 300px\" \/><\/a><\/p>\n<p>Aujourd&rsquo;hui, classement meubl\u00e9 de tourisme et classement Gite de France.<\/p>\n<p>3 \u00e9toiles pour le Meubl\u00e9 de Tourisme<\/p>\n<p>3 \u00e9pis pour Gite de France sous r\u00e9serve de r\u00e9alisation de divers travaux de d\u00e9coration \u00e0 l&rsquo;automne.<\/p>\n","protected":false},"excerpt":{"rendered":"<p>Aujourd&rsquo;hui, classement meubl\u00e9 de tourisme et classement Gite de France. 3 \u00e9toiles pour le Meubl\u00e9 de Tourisme 3 \u00e9pis pour Gite de France sous r\u00e9serve de r\u00e9alisation de divers travaux de d\u00e9coration \u00e0 l&rsquo;automne. <a class=\"continue-reading-link\" href=\"https:\/\/gite-courtillas.fr\/index.php\/2016\/06\/07\/740\/\">En lire plus &#8230;.<\/a><\/p>\n","protected":false},"author":1,"featured_media":0,"comment_status":"closed","ping_status":"open","sticky":false,"template":"","format":"image","meta":{"_jetpack_memberships_contains_paid_content":false,"footnotes":"","jetpack_publicize_message":"","jetpack_publicize_feature_enabled":true,"jetpack_social_post_already_shared":true,"jetpack_social_options":{"image_generator_settings":{"template":"highway","default_image_id":0,"font":"","enabled":false},"version":2}},"categories":[2],"tags":[],"class_list":["post-740","post","type-post","status-publish","format-image","hentry","category-divers","post_format-post-format-image"],"yoast_head":"<!-- This site is optimized with the Yoast SEO plugin v22.0 - https:\/\/yoast.com\/wordpress\/plugins\/seo\/ -->\n<title>Classement - Gite de Courtillas<\/title>\n<meta name=\"description\" content=\"Aujourd&#039;hui, classement meubl\u00e9 de tourisme et classement Gite de France. 3 \u00e9toiles pour le Meubl\u00e9 de Tourisme 3 \u00e9pis pour Gite de France sous r\u00e9serve de\" \/>\n<meta name=\"robots\" content=\"index, follow, max-snippet:-1, max-image-preview:large, max-video-preview:-1\" \/>\n<link rel=\"canonical\" href=\"https:\/\/gite-courtillas.fr\/index.php\/2016\/06\/07\/740\/\" \/>\n<meta property=\"og:locale\" content=\"fr_FR\" \/>\n<meta property=\"og:type\" content=\"article\" \/>\n<meta property=\"og:title\" content=\"Classement - Gite de Courtillas\" \/>\n<meta property=\"og:description\" content=\"Aujourd&#039;hui, classement meubl\u00e9 de tourisme et classement Gite de France. 3 \u00e9toiles pour le Meubl\u00e9 de Tourisme 3 \u00e9pis pour Gite de France sous r\u00e9serve de\" \/>\n<meta property=\"og:url\" content=\"https:\/\/gite-courtillas.fr\/index.php\/2016\/06\/07\/740\/\" \/>\n<meta property=\"og:site_name\" content=\"Gite de Courtillas\" \/>\n<meta property=\"article:publisher\" content=\"https:\/\/www.facebook.com\/Le-Gite-192389200812938\/\" \/>\n<meta property=\"article:published_time\" content=\"2016-06-07T14:28:25+00:00\" \/>\n<meta property=\"article:modified_time\" content=\"2016-06-07T14:29:24+00:00\" \/>\n<meta property=\"og:image\" content=\"https:\/\/gite-courtillas.fr\/wp-content\/uploads\/2015\/12\/P1000437-1024x768.jpg\" \/>\n\t<meta property=\"og:image:width\" content=\"1024\" \/>\n\t<meta property=\"og:image:height\" content=\"768\" \/>\n\t<meta property=\"og:image:type\" content=\"image\/jpeg\" \/>\n<meta name=\"author\" content=\"francis\" \/>\n<meta name=\"twitter:card\" content=\"summary_large_image\" \/>\n<meta name=\"twitter:label1\" content=\"\u00c9crit par\" \/>\n\t<meta name=\"twitter:data1\" content=\"francis\" \/>\n<script type=\"application\/ld+json\" class=\"yoast-schema-graph\">{\"@context\":\"https:\/\/schema.org\",\"@graph\":[{\"@type\":\"Article\",\"@id\":\"https:\/\/gite-courtillas.fr\/index.php\/2016\/06\/07\/740\/#article\",\"isPartOf\":{\"@id\":\"https:\/\/gite-courtillas.fr\/index.php\/2016\/06\/07\/740\/\"},\"author\":{\"name\":\"francis\",\"@id\":\"http:\/\/gite-courtillas.fr\/#\/schema\/person\/23bde0450bc50548ab78056c31e41474\"},\"headline\":\"Classement\",\"datePublished\":\"2016-06-07T14:28:25+00:00\",\"dateModified\":\"2016-06-07T14:29:24+00:00\",\"mainEntityOfPage\":{\"@id\":\"https:\/\/gite-courtillas.fr\/index.php\/2016\/06\/07\/740\/\"},\"wordCount\":35,\"publisher\":{\"@id\":\"http:\/\/gite-courtillas.fr\/#organization\"},\"articleSection\":[\"Divers\"],\"inLanguage\":\"fr-FR\"},{\"@type\":\"WebPage\",\"@id\":\"https:\/\/gite-courtillas.fr\/index.php\/2016\/06\/07\/740\/\",\"url\":\"https:\/\/gite-courtillas.fr\/index.php\/2016\/06\/07\/740\/\",\"name\":\"Classement - Gite de Courtillas\",\"isPartOf\":{\"@id\":\"http:\/\/gite-courtillas.fr\/#website\"},\"datePublished\":\"2016-06-07T14:28:25+00:00\",\"dateModified\":\"2016-06-07T14:29:24+00:00\",\"description\":\"Aujourd'hui, classement meubl\u00e9 de tourisme et classement Gite de France. 3 \u00e9toiles pour le Meubl\u00e9 de Tourisme 3 \u00e9pis pour Gite de France sous r\u00e9serve de\",\"breadcrumb\":{\"@id\":\"https:\/\/gite-courtillas.fr\/index.php\/2016\/06\/07\/740\/#breadcrumb\"},\"inLanguage\":\"fr-FR\",\"potentialAction\":[{\"@type\":\"ReadAction\",\"target\":[\"https:\/\/gite-courtillas.fr\/index.php\/2016\/06\/07\/740\/\"]}]},{\"@type\":\"BreadcrumbList\",\"@id\":\"https:\/\/gite-courtillas.fr\/index.php\/2016\/06\/07\/740\/#breadcrumb\",\"itemListElement\":[{\"@type\":\"ListItem\",\"position\":1,\"name\":\"Accueil\",\"item\":\"http:\/\/gite-courtillas.fr\/\"},{\"@type\":\"ListItem\",\"position\":2,\"name\":\"Divers\",\"item\":\"https:\/\/gite-courtillas.fr\/index.php\/cat\/divers\/\"},{\"@type\":\"ListItem\",\"position\":3,\"name\":\"Classement\"}]},{\"@type\":\"WebSite\",\"@id\":\"http:\/\/gite-courtillas.fr\/#website\",\"url\":\"http:\/\/gite-courtillas.fr\/\",\"name\":\"Gite de Courtillas\",\"description\":\"Tourisme vert et baignades en Charente\",\"publisher\":{\"@id\":\"http:\/\/gite-courtillas.fr\/#organization\"},\"potentialAction\":[{\"@type\":\"SearchAction\",\"target\":{\"@type\":\"EntryPoint\",\"urlTemplate\":\"http:\/\/gite-courtillas.fr\/?s={search_term_string}\"},\"query-input\":\"required name=search_term_string\"}],\"inLanguage\":\"fr-FR\"},{\"@type\":\"Organization\",\"@id\":\"http:\/\/gite-courtillas.fr\/#organization\",\"name\":\"Gite de Courtillas\",\"url\":\"http:\/\/gite-courtillas.fr\/\",\"logo\":{\"@type\":\"ImageObject\",\"inLanguage\":\"fr-FR\",\"@id\":\"http:\/\/gite-courtillas.fr\/#\/schema\/logo\/image\/\",\"url\":\"http:\/\/gite-courtillas.fr\/wp-content\/uploads\/2015\/12\/cropped-Gite_Courtillas_Access_lite.jpg\",\"contentUrl\":\"http:\/\/gite-courtillas.fr\/wp-content\/uploads\/2015\/12\/cropped-Gite_Courtillas_Access_lite.jpg\",\"width\":512,\"height\":512,\"caption\":\"Gite de Courtillas\"},\"image\":{\"@id\":\"http:\/\/gite-courtillas.fr\/#\/schema\/logo\/image\/\"},\"sameAs\":[\"https:\/\/www.facebook.com\/Le-Gite-192389200812938\/\"]},{\"@type\":\"Person\",\"@id\":\"http:\/\/gite-courtillas.fr\/#\/schema\/person\/23bde0450bc50548ab78056c31e41474\",\"name\":\"francis\",\"image\":{\"@type\":\"ImageObject\",\"inLanguage\":\"fr-FR\",\"@id\":\"http:\/\/gite-courtillas.fr\/#\/schema\/person\/image\/\",\"url\":\"https:\/\/secure.gravatar.com\/avatar\/c56ff74627aaba0a14a4287f9201ecd5dfc04a1ac8b8423bc5262e71cbde3266?s=96&d=mm&r=g\",\"contentUrl\":\"https:\/\/secure.gravatar.com\/avatar\/c56ff74627aaba0a14a4287f9201ecd5dfc04a1ac8b8423bc5262e71cbde3266?s=96&d=mm&r=g\",\"caption\":\"francis\"}}]}<\/script>\n<!-- \/ Yoast SEO plugin. -->","yoast_head_json":{"title":"Classement - Gite de Courtillas","description":"Aujourd'hui, classement meubl\u00e9 de tourisme et classement Gite de France. 3 \u00e9toiles pour le Meubl\u00e9 de Tourisme 3 \u00e9pis pour Gite de France sous r\u00e9serve de","robots":{"index":"index","follow":"follow","max-snippet":"max-snippet:-1","max-image-preview":"max-image-preview:large","max-video-preview":"max-video-preview:-1"},"canonical":"https:\/\/gite-courtillas.fr\/index.php\/2016\/06\/07\/740\/","og_locale":"fr_FR","og_type":"article","og_title":"Classement - Gite de Courtillas","og_description":"Aujourd'hui, classement meubl\u00e9 de tourisme et classement Gite de France. 3 \u00e9toiles pour le Meubl\u00e9 de Tourisme 3 \u00e9pis pour Gite de France sous r\u00e9serve de","og_url":"https:\/\/gite-courtillas.fr\/index.php\/2016\/06\/07\/740\/","og_site_name":"Gite de Courtillas","article_publisher":"https:\/\/www.facebook.com\/Le-Gite-192389200812938\/","article_published_time":"2016-06-07T14:28:25+00:00","article_modified_time":"2016-06-07T14:29:24+00:00","og_image":[{"width":1024,"height":768,"url":"https:\/\/gite-courtillas.fr\/wp-content\/uploads\/2015\/12\/P1000437-1024x768.jpg","type":"image\/jpeg"}],"author":"francis","twitter_card":"summary_large_image","twitter_misc":{"\u00c9crit par":"francis"},"schema":{"@context":"https:\/\/schema.org","@graph":[{"@type":"Article","@id":"https:\/\/gite-courtillas.fr\/index.php\/2016\/06\/07\/740\/#article","isPartOf":{"@id":"https:\/\/gite-courtillas.fr\/index.php\/2016\/06\/07\/740\/"},"author":{"name":"francis","@id":"http:\/\/gite-courtillas.fr\/#\/schema\/person\/23bde0450bc50548ab78056c31e41474"},"headline":"Classement","datePublished":"2016-06-07T14:28:25+00:00","dateModified":"2016-06-07T14:29:24+00:00","mainEntityOfPage":{"@id":"https:\/\/gite-courtillas.fr\/index.php\/2016\/06\/07\/740\/"},"wordCount":35,"publisher":{"@id":"http:\/\/gite-courtillas.fr\/#organization"},"articleSection":["Divers"],"inLanguage":"fr-FR"},{"@type":"WebPage","@id":"https:\/\/gite-courtillas.fr\/index.php\/2016\/06\/07\/740\/","url":"https:\/\/gite-courtillas.fr\/index.php\/2016\/06\/07\/740\/","name":"Classement - Gite de Courtillas","isPartOf":{"@id":"http:\/\/gite-courtillas.fr\/#website"},"datePublished":"2016-06-07T14:28:25+00:00","dateModified":"2016-06-07T14:29:24+00:00","description":"Aujourd'hui, classement meubl\u00e9 de tourisme et classement Gite de France. 3 \u00e9toiles pour le Meubl\u00e9 de Tourisme 3 \u00e9pis pour Gite de France sous r\u00e9serve de","breadcrumb":{"@id":"https:\/\/gite-courtillas.fr\/index.php\/2016\/06\/07\/740\/#breadcrumb"},"inLanguage":"fr-FR","potentialAction":[{"@type":"ReadAction","target":["https:\/\/gite-courtillas.fr\/index.php\/2016\/06\/07\/740\/"]}]},{"@type":"BreadcrumbList","@id":"https:\/\/gite-courtillas.fr\/index.php\/2016\/06\/07\/740\/#breadcrumb","itemListElement":[{"@type":"ListItem","position":1,"name":"Accueil","item":"http:\/\/gite-courtillas.fr\/"},{"@type":"ListItem","position":2,"name":"Divers","item":"https:\/\/gite-courtillas.fr\/index.php\/cat\/divers\/"},{"@type":"ListItem","position":3,"name":"Classement"}]},{"@type":"WebSite","@id":"http:\/\/gite-courtillas.fr\/#website","url":"http:\/\/gite-courtillas.fr\/","name":"Gite de Courtillas","description":"Tourisme vert et baignades en Charente","publisher":{"@id":"http:\/\/gite-courtillas.fr\/#organization"},"potentialAction":[{"@type":"SearchAction","target":{"@type":"EntryPoint","urlTemplate":"http:\/\/gite-courtillas.fr\/?s={search_term_string}"},"query-input":"required name=search_term_string"}],"inLanguage":"fr-FR"},{"@type":"Organization","@id":"http:\/\/gite-courtillas.fr\/#organization","name":"Gite de Courtillas","url":"http:\/\/gite-courtillas.fr\/","logo":{"@type":"ImageObject","inLanguage":"fr-FR","@id":"http:\/\/gite-courtillas.fr\/#\/schema\/logo\/image\/","url":"http:\/\/gite-courtillas.fr\/wp-content\/uploads\/2015\/12\/cropped-Gite_Courtillas_Access_lite.jpg","contentUrl":"http:\/\/gite-courtillas.fr\/wp-content\/uploads\/2015\/12\/cropped-Gite_Courtillas_Access_lite.jpg","width":512,"height":512,"caption":"Gite de Courtillas"},"image":{"@id":"http:\/\/gite-courtillas.fr\/#\/schema\/logo\/image\/"},"sameAs":["https:\/\/www.facebook.com\/Le-Gite-192389200812938\/"]},{"@type":"Person","@id":"http:\/\/gite-courtillas.fr\/#\/schema\/person\/23bde0450bc50548ab78056c31e41474","name":"francis","image":{"@type":"ImageObject","inLanguage":"fr-FR","@id":"http:\/\/gite-courtillas.fr\/#\/schema\/person\/image\/","url":"https:\/\/secure.gravatar.com\/avatar\/c56ff74627aaba0a14a4287f9201ecd5dfc04a1ac8b8423bc5262e71cbde3266?s=96&d=mm&r=g","contentUrl":"https:\/\/secure.gravatar.com\/avatar\/c56ff74627aaba0a14a4287f9201ecd5dfc04a1ac8b8423bc5262e71cbde3266?s=96&d=mm&r=g","caption":"francis"}}]}},"jetpack_publicize_connections":[],"jetpack_featured_media_url":"","jetpack_sharing_enabled":true,"_links":{"self":[{"href":"https:\/\/gite-courtillas.fr\/index.php\/wp-json\/wp\/v2\/posts\/740","targetHints":{"allow":["GET"]}}],"collection":[{"href":"https:\/\/gite-courtillas.fr\/index.php\/wp-json\/wp\/v2\/posts"}],"about":[{"href":"https:\/\/gite-courtillas.fr\/index.php\/wp-json\/wp\/v2\/types\/post"}],"author":[{"embeddable":true,"href":"https:\/\/gite-courtillas.fr\/index.php\/wp-json\/wp\/v2\/users\/1"}],"replies":[{"embeddable":true,"href":"https:\/\/gite-courtillas.fr\/index.php\/wp-json\/wp\/v2\/comments?post=740"}],"version-history":[{"count":2,"href":"https:\/\/gite-courtillas.fr\/index.php\/wp-json\/wp\/v2\/posts\/740\/revisions"}],"predecessor-version":[{"id":743,"href":"https:\/\/gite-courtillas.fr\/index.php\/wp-json\/wp\/v2\/posts\/740\/revisions\/743"}],"wp:attachment":[{"href":"https:\/\/gite-courtillas.fr\/index.php\/wp-json\/wp\/v2\/media?parent=740"}],"wp:term":[{"taxonomy":"category","embeddable":true,"href":"https:\/\/gite-courtillas.fr\/index.php\/wp-json\/wp\/v2\/categories?post=740"},{"taxonomy":"post_tag","embeddable":true,"href":"https:\/\/gite-courtillas.fr\/index.php\/wp-json\/wp\/v2\/tags?post=740"}],"curies":[{"name":"wp","href":"https:\/\/api.w.org\/{rel}","templated":true}]}}