{"id":1785,"date":"2026-04-27T11:11:11","date_gmt":"2026-04-27T09:11:11","guid":{"rendered":"https:\/\/gite-courtillas.fr\/?p=1785"},"modified":"2026-04-27T11:34:24","modified_gmt":"2026-04-27T09:34:24","slug":"courtillas-au-printemps","status":"publish","type":"post","link":"https:\/\/gite-courtillas.fr\/index.php\/2026\/04\/27\/courtillas-au-printemps\/","title":{"rendered":"Courtillas au printemps"},"content":{"rendered":"\n<div class=\"wp-block-jetpack-slideshow aligncenter\" data-effect=\"slide\" style=\"--aspect-ratio:calc(771 \/ 1024)\"><div class=\"wp-block-jetpack-slideshow_container swiper\"><ul class=\"wp-block-jetpack-slideshow_swiper-wrapper swiper-wrapper\"><li class=\"wp-block-jetpack-slideshow_slide swiper-slide\"><figure><img loading=\"lazy\" decoding=\"async\" width=\"771\" height=\"1024\" alt=\"\" class=\"wp-block-jetpack-slideshow_image wp-image-1795\" data-id=\"1795\" data-aspect-ratio=\"771 \/ 1024\" src=\"https:\/\/gite-courtillas.fr\/wp-content\/uploads\/2026\/04\/PXL_20260426_114316555-1-771x1024.jpg\" srcset=\"https:\/\/gite-courtillas.fr\/wp-content\/uploads\/2026\/04\/PXL_20260426_114316555-1-771x1024.jpg 771w, https:\/\/gite-courtillas.fr\/wp-content\/uploads\/2026\/04\/PXL_20260426_114316555-1-226x300.jpg 226w, https:\/\/gite-courtillas.fr\/wp-content\/uploads\/2026\/04\/PXL_20260426_114316555-1-768x1020.jpg 768w, https:\/\/gite-courtillas.fr\/wp-content\/uploads\/2026\/04\/PXL_20260426_114316555-1-1157x1536.jpg 1157w, https:\/\/gite-courtillas.fr\/wp-content\/uploads\/2026\/04\/PXL_20260426_114316555-1-1542x2048.jpg 1542w, https:\/\/gite-courtillas.fr\/wp-content\/uploads\/2026\/04\/PXL_20260426_114316555-1-113x150.jpg 113w, https:\/\/gite-courtillas.fr\/wp-content\/uploads\/2026\/04\/PXL_20260426_114316555-1-scaled.jpg 1928w\" sizes=\"(max-width: 771px) 100vw, 771px\" \/><\/figure><\/li><li class=\"wp-block-jetpack-slideshow_slide swiper-slide\"><figure><img loading=\"lazy\" decoding=\"async\" width=\"1024\" height=\"771\" alt=\"\" class=\"wp-block-jetpack-slideshow_image wp-image-1794\" data-id=\"1794\" data-aspect-ratio=\"800 \/ 602\" src=\"https:\/\/gite-courtillas.fr\/wp-content\/uploads\/2026\/04\/PXL_20260426_114708045-1-1024x771.jpg\" srcset=\"https:\/\/gite-courtillas.fr\/wp-content\/uploads\/2026\/04\/PXL_20260426_114708045-1-1024x771.jpg 1024w, https:\/\/gite-courtillas.fr\/wp-content\/uploads\/2026\/04\/PXL_20260426_114708045-1-300x226.jpg 300w, https:\/\/gite-courtillas.fr\/wp-content\/uploads\/2026\/04\/PXL_20260426_114708045-1-768x578.jpg 768w, https:\/\/gite-courtillas.fr\/wp-content\/uploads\/2026\/04\/PXL_20260426_114708045-1-1536x1157.jpg 1536w, https:\/\/gite-courtillas.fr\/wp-content\/uploads\/2026\/04\/PXL_20260426_114708045-1-2048x1542.jpg 2048w, https:\/\/gite-courtillas.fr\/wp-content\/uploads\/2026\/04\/PXL_20260426_114708045-1-199x150.jpg 199w, https:\/\/gite-courtillas.fr\/wp-content\/uploads\/2026\/04\/PXL_20260426_114708045-1-150x113.jpg 150w\" sizes=\"(max-width: 1024px) 100vw, 1024px\" \/><\/figure><\/li><li class=\"wp-block-jetpack-slideshow_slide swiper-slide\"><figure><img decoding=\"async\" alt=\"\" class=\"wp-block-jetpack-slideshow_image wp-image-1789\" data-id=\"1789\" src=\"http:\/\/gite-courtillas.fr\/wp-content\/uploads\/2026\/04\/PXL_20260426_114115491.jpg\"\/><\/figure><\/li><li class=\"wp-block-jetpack-slideshow_slide swiper-slide\"><figure><img decoding=\"async\" alt=\"\" class=\"wp-block-jetpack-slideshow_image wp-image-1791\" data-id=\"1791\" src=\"http:\/\/gite-courtillas.fr\/wp-content\/uploads\/2026\/04\/PXL_20260426_114516612-1.jpg\"\/><\/figure><\/li><li class=\"wp-block-jetpack-slideshow_slide swiper-slide\"><figure><img decoding=\"async\" alt=\"\" class=\"wp-block-jetpack-slideshow_image wp-image-1793\" data-id=\"1793\" src=\"http:\/\/gite-courtillas.fr\/wp-content\/uploads\/2026\/04\/PXL_20260426_114747505-1.jpg\"\/><\/figure><\/li><\/ul><a class=\"wp-block-jetpack-slideshow_button-prev swiper-button-prev swiper-button-white\" role=\"button\"><\/a><a class=\"wp-block-jetpack-slideshow_button-next swiper-button-next swiper-button-white\" role=\"button\"><\/a><a aria-label=\"Pause Slideshow\" class=\"wp-block-jetpack-slideshow_button-pause\" role=\"button\"><\/a><div class=\"wp-block-jetpack-slideshow_pagination swiper-pagination swiper-pagination-white\"><\/div><\/div><\/div>\n","protected":false},"excerpt":{"rendered":"<p> <a class=\"continue-reading-link\" href=\"https:\/\/gite-courtillas.fr\/index.php\/2026\/04\/27\/courtillas-au-printemps\/\">En lire plus &#8230;.<\/a><\/p>\n","protected":false},"author":1,"featured_media":0,"comment_status":"closed","ping_status":"open","sticky":false,"template":"","format":"standard","meta":{"_jetpack_memberships_contains_paid_content":false,"footnotes":"","jetpack_publicize_message":"","jetpack_publicize_feature_enabled":true,"jetpack_social_post_already_shared":true,"jetpack_social_options":{"image_generator_settings":{"template":"highway","default_image_id":0,"font":"","enabled":false},"version":2}},"categories":[4],"tags":[],"class_list":["post-1785","post","type-post","status-publish","format-standard","hentry","category-equipext"],"yoast_head":"<!-- This site is optimized with the Yoast SEO plugin v22.0 - https:\/\/yoast.com\/wordpress\/plugins\/seo\/ -->\n<title>Courtillas au printemps - Gite de Courtillas<\/title>\n<meta name=\"robots\" content=\"index, follow, max-snippet:-1, max-image-preview:large, max-video-preview:-1\" \/>\n<link rel=\"canonical\" href=\"https:\/\/gite-courtillas.fr\/index.php\/2026\/04\/27\/courtillas-au-printemps\/\" \/>\n<meta property=\"og:locale\" content=\"fr_FR\" \/>\n<meta property=\"og:type\" content=\"article\" \/>\n<meta property=\"og:title\" content=\"Courtillas au printemps - Gite de Courtillas\" \/>\n<meta property=\"og:url\" content=\"https:\/\/gite-courtillas.fr\/index.php\/2026\/04\/27\/courtillas-au-printemps\/\" \/>\n<meta property=\"og:site_name\" content=\"Gite de Courtillas\" \/>\n<meta property=\"article:publisher\" content=\"https:\/\/www.facebook.com\/Le-Gite-192389200812938\/\" \/>\n<meta property=\"article:published_time\" content=\"2026-04-27T09:11:11+00:00\" \/>\n<meta property=\"article:modified_time\" content=\"2026-04-27T09:34:24+00:00\" \/>\n<meta property=\"og:image\" content=\"https:\/\/gite-courtillas.fr\/wp-content\/uploads\/2026\/04\/PXL_20260426_114316555-1-771x1024.jpg\" \/>\n<meta name=\"author\" content=\"francis\" \/>\n<meta name=\"twitter:card\" content=\"summary_large_image\" \/>\n<meta name=\"twitter:label1\" content=\"\u00c9crit par\" \/>\n\t<meta name=\"twitter:data1\" content=\"francis\" \/>\n\t<meta name=\"twitter:label2\" content=\"Dur\u00e9e de lecture estim\u00e9e\" \/>\n\t<meta name=\"twitter:data2\" content=\"1 minute\" \/>\n<script type=\"application\/ld+json\" class=\"yoast-schema-graph\">{\"@context\":\"https:\/\/schema.org\",\"@graph\":[{\"@type\":\"Article\",\"@id\":\"https:\/\/gite-courtillas.fr\/index.php\/2026\/04\/27\/courtillas-au-printemps\/#article\",\"isPartOf\":{\"@id\":\"https:\/\/gite-courtillas.fr\/index.php\/2026\/04\/27\/courtillas-au-printemps\/\"},\"author\":{\"name\":\"francis\",\"@id\":\"http:\/\/gite-courtillas.fr\/#\/schema\/person\/23bde0450bc50548ab78056c31e41474\"},\"headline\":\"Courtillas au printemps\",\"datePublished\":\"2026-04-27T09:11:11+00:00\",\"dateModified\":\"2026-04-27T09:34:24+00:00\",\"mainEntityOfPage\":{\"@id\":\"https:\/\/gite-courtillas.fr\/index.php\/2026\/04\/27\/courtillas-au-printemps\/\"},\"wordCount\":3,\"publisher\":{\"@id\":\"http:\/\/gite-courtillas.fr\/#organization\"},\"articleSection\":[\"Equipement ext\u00e9rieur, jardin\"],\"inLanguage\":\"fr-FR\"},{\"@type\":\"WebPage\",\"@id\":\"https:\/\/gite-courtillas.fr\/index.php\/2026\/04\/27\/courtillas-au-printemps\/\",\"url\":\"https:\/\/gite-courtillas.fr\/index.php\/2026\/04\/27\/courtillas-au-printemps\/\",\"name\":\"Courtillas au printemps - Gite de Courtillas\",\"isPartOf\":{\"@id\":\"http:\/\/gite-courtillas.fr\/#website\"},\"datePublished\":\"2026-04-27T09:11:11+00:00\",\"dateModified\":\"2026-04-27T09:34:24+00:00\",\"breadcrumb\":{\"@id\":\"https:\/\/gite-courtillas.fr\/index.php\/2026\/04\/27\/courtillas-au-printemps\/#breadcrumb\"},\"inLanguage\":\"fr-FR\",\"potentialAction\":[{\"@type\":\"ReadAction\",\"target\":[\"https:\/\/gite-courtillas.fr\/index.php\/2026\/04\/27\/courtillas-au-printemps\/\"]}]},{\"@type\":\"BreadcrumbList\",\"@id\":\"https:\/\/gite-courtillas.fr\/index.php\/2026\/04\/27\/courtillas-au-printemps\/#breadcrumb\",\"itemListElement\":[{\"@type\":\"ListItem\",\"position\":1,\"name\":\"Accueil\",\"item\":\"http:\/\/gite-courtillas.fr\/\"},{\"@type\":\"ListItem\",\"position\":2,\"name\":\"Equipement ext\u00e9rieur, jardin\",\"item\":\"https:\/\/gite-courtillas.fr\/index.php\/cat\/equipext\/\"},{\"@type\":\"ListItem\",\"position\":3,\"name\":\"Courtillas au printemps\"}]},{\"@type\":\"WebSite\",\"@id\":\"http:\/\/gite-courtillas.fr\/#website\",\"url\":\"http:\/\/gite-courtillas.fr\/\",\"name\":\"Gite de Courtillas\",\"description\":\"Tourisme vert et baignades en Charente\",\"publisher\":{\"@id\":\"http:\/\/gite-courtillas.fr\/#organization\"},\"potentialAction\":[{\"@type\":\"SearchAction\",\"target\":{\"@type\":\"EntryPoint\",\"urlTemplate\":\"http:\/\/gite-courtillas.fr\/?s={search_term_string}\"},\"query-input\":\"required name=search_term_string\"}],\"inLanguage\":\"fr-FR\"},{\"@type\":\"Organization\",\"@id\":\"http:\/\/gite-courtillas.fr\/#organization\",\"name\":\"Gite de Courtillas\",\"url\":\"http:\/\/gite-courtillas.fr\/\",\"logo\":{\"@type\":\"ImageObject\",\"inLanguage\":\"fr-FR\",\"@id\":\"http:\/\/gite-courtillas.fr\/#\/schema\/logo\/image\/\",\"url\":\"http:\/\/gite-courtillas.fr\/wp-content\/uploads\/2015\/12\/cropped-Gite_Courtillas_Access_lite.jpg\",\"contentUrl\":\"http:\/\/gite-courtillas.fr\/wp-content\/uploads\/2015\/12\/cropped-Gite_Courtillas_Access_lite.jpg\",\"width\":512,\"height\":512,\"caption\":\"Gite de Courtillas\"},\"image\":{\"@id\":\"http:\/\/gite-courtillas.fr\/#\/schema\/logo\/image\/\"},\"sameAs\":[\"https:\/\/www.facebook.com\/Le-Gite-192389200812938\/\"]},{\"@type\":\"Person\",\"@id\":\"http:\/\/gite-courtillas.fr\/#\/schema\/person\/23bde0450bc50548ab78056c31e41474\",\"name\":\"francis\",\"image\":{\"@type\":\"ImageObject\",\"inLanguage\":\"fr-FR\",\"@id\":\"http:\/\/gite-courtillas.fr\/#\/schema\/person\/image\/\",\"url\":\"https:\/\/secure.gravatar.com\/avatar\/c56ff74627aaba0a14a4287f9201ecd5dfc04a1ac8b8423bc5262e71cbde3266?s=96&d=mm&r=g\",\"contentUrl\":\"https:\/\/secure.gravatar.com\/avatar\/c56ff74627aaba0a14a4287f9201ecd5dfc04a1ac8b8423bc5262e71cbde3266?s=96&d=mm&r=g\",\"caption\":\"francis\"}}]}<\/script>\n<!-- \/ Yoast SEO plugin. -->","yoast_head_json":{"title":"Courtillas au printemps - Gite de Courtillas","robots":{"index":"index","follow":"follow","max-snippet":"max-snippet:-1","max-image-preview":"max-image-preview:large","max-video-preview":"max-video-preview:-1"},"canonical":"https:\/\/gite-courtillas.fr\/index.php\/2026\/04\/27\/courtillas-au-printemps\/","og_locale":"fr_FR","og_type":"article","og_title":"Courtillas au printemps - Gite de Courtillas","og_url":"https:\/\/gite-courtillas.fr\/index.php\/2026\/04\/27\/courtillas-au-printemps\/","og_site_name":"Gite de Courtillas","article_publisher":"https:\/\/www.facebook.com\/Le-Gite-192389200812938\/","article_published_time":"2026-04-27T09:11:11+00:00","article_modified_time":"2026-04-27T09:34:24+00:00","og_image":[{"url":"https:\/\/gite-courtillas.fr\/wp-content\/uploads\/2026\/04\/PXL_20260426_114316555-1-771x1024.jpg"}],"author":"francis","twitter_card":"summary_large_image","twitter_misc":{"\u00c9crit par":"francis","Dur\u00e9e de lecture estim\u00e9e":"1 minute"},"schema":{"@context":"https:\/\/schema.org","@graph":[{"@type":"Article","@id":"https:\/\/gite-courtillas.fr\/index.php\/2026\/04\/27\/courtillas-au-printemps\/#article","isPartOf":{"@id":"https:\/\/gite-courtillas.fr\/index.php\/2026\/04\/27\/courtillas-au-printemps\/"},"author":{"name":"francis","@id":"http:\/\/gite-courtillas.fr\/#\/schema\/person\/23bde0450bc50548ab78056c31e41474"},"headline":"Courtillas au printemps","datePublished":"2026-04-27T09:11:11+00:00","dateModified":"2026-04-27T09:34:24+00:00","mainEntityOfPage":{"@id":"https:\/\/gite-courtillas.fr\/index.php\/2026\/04\/27\/courtillas-au-printemps\/"},"wordCount":3,"publisher":{"@id":"http:\/\/gite-courtillas.fr\/#organization"},"articleSection":["Equipement ext\u00e9rieur, jardin"],"inLanguage":"fr-FR"},{"@type":"WebPage","@id":"https:\/\/gite-courtillas.fr\/index.php\/2026\/04\/27\/courtillas-au-printemps\/","url":"https:\/\/gite-courtillas.fr\/index.php\/2026\/04\/27\/courtillas-au-printemps\/","name":"Courtillas au printemps - Gite de Courtillas","isPartOf":{"@id":"http:\/\/gite-courtillas.fr\/#website"},"datePublished":"2026-04-27T09:11:11+00:00","dateModified":"2026-04-27T09:34:24+00:00","breadcrumb":{"@id":"https:\/\/gite-courtillas.fr\/index.php\/2026\/04\/27\/courtillas-au-printemps\/#breadcrumb"},"inLanguage":"fr-FR","potentialAction":[{"@type":"ReadAction","target":["https:\/\/gite-courtillas.fr\/index.php\/2026\/04\/27\/courtillas-au-printemps\/"]}]},{"@type":"BreadcrumbList","@id":"https:\/\/gite-courtillas.fr\/index.php\/2026\/04\/27\/courtillas-au-printemps\/#breadcrumb","itemListElement":[{"@type":"ListItem","position":1,"name":"Accueil","item":"http:\/\/gite-courtillas.fr\/"},{"@type":"ListItem","position":2,"name":"Equipement ext\u00e9rieur, jardin","item":"https:\/\/gite-courtillas.fr\/index.php\/cat\/equipext\/"},{"@type":"ListItem","position":3,"name":"Courtillas au printemps"}]},{"@type":"WebSite","@id":"http:\/\/gite-courtillas.fr\/#website","url":"http:\/\/gite-courtillas.fr\/","name":"Gite de Courtillas","description":"Tourisme vert et baignades en Charente","publisher":{"@id":"http:\/\/gite-courtillas.fr\/#organization"},"potentialAction":[{"@type":"SearchAction","target":{"@type":"EntryPoint","urlTemplate":"http:\/\/gite-courtillas.fr\/?s={search_term_string}"},"query-input":"required name=search_term_string"}],"inLanguage":"fr-FR"},{"@type":"Organization","@id":"http:\/\/gite-courtillas.fr\/#organization","name":"Gite de Courtillas","url":"http:\/\/gite-courtillas.fr\/","logo":{"@type":"ImageObject","inLanguage":"fr-FR","@id":"http:\/\/gite-courtillas.fr\/#\/schema\/logo\/image\/","url":"http:\/\/gite-courtillas.fr\/wp-content\/uploads\/2015\/12\/cropped-Gite_Courtillas_Access_lite.jpg","contentUrl":"http:\/\/gite-courtillas.fr\/wp-content\/uploads\/2015\/12\/cropped-Gite_Courtillas_Access_lite.jpg","width":512,"height":512,"caption":"Gite de Courtillas"},"image":{"@id":"http:\/\/gite-courtillas.fr\/#\/schema\/logo\/image\/"},"sameAs":["https:\/\/www.facebook.com\/Le-Gite-192389200812938\/"]},{"@type":"Person","@id":"http:\/\/gite-courtillas.fr\/#\/schema\/person\/23bde0450bc50548ab78056c31e41474","name":"francis","image":{"@type":"ImageObject","inLanguage":"fr-FR","@id":"http:\/\/gite-courtillas.fr\/#\/schema\/person\/image\/","url":"https:\/\/secure.gravatar.com\/avatar\/c56ff74627aaba0a14a4287f9201ecd5dfc04a1ac8b8423bc5262e71cbde3266?s=96&d=mm&r=g","contentUrl":"https:\/\/secure.gravatar.com\/avatar\/c56ff74627aaba0a14a4287f9201ecd5dfc04a1ac8b8423bc5262e71cbde3266?s=96&d=mm&r=g","caption":"francis"}}]}},"jetpack_publicize_connections":[],"jetpack_featured_media_url":"","jetpack_sharing_enabled":true,"_links":{"self":[{"href":"https:\/\/gite-courtillas.fr\/index.php\/wp-json\/wp\/v2\/posts\/1785","targetHints":{"allow":["GET"]}}],"collection":[{"href":"https:\/\/gite-courtillas.fr\/index.php\/wp-json\/wp\/v2\/posts"}],"about":[{"href":"https:\/\/gite-courtillas.fr\/index.php\/wp-json\/wp\/v2\/types\/post"}],"author":[{"embeddable":true,"href":"https:\/\/gite-courtillas.fr\/index.php\/wp-json\/wp\/v2\/users\/1"}],"replies":[{"embeddable":true,"href":"https:\/\/gite-courtillas.fr\/index.php\/wp-json\/wp\/v2\/comments?post=1785"}],"version-history":[{"count":2,"href":"https:\/\/gite-courtillas.fr\/index.php\/wp-json\/wp\/v2\/posts\/1785\/revisions"}],"predecessor-version":[{"id":1801,"href":"https:\/\/gite-courtillas.fr\/index.php\/wp-json\/wp\/v2\/posts\/1785\/revisions\/1801"}],"wp:attachment":[{"href":"https:\/\/gite-courtillas.fr\/index.php\/wp-json\/wp\/v2\/media?parent=1785"}],"wp:term":[{"taxonomy":"category","embeddable":true,"href":"https:\/\/gite-courtillas.fr\/index.php\/wp-json\/wp\/v2\/categories?post=1785"},{"taxonomy":"post_tag","embeddable":true,"href":"https:\/\/gite-courtillas.fr\/index.php\/wp-json\/wp\/v2\/tags?post=1785"}],"curies":[{"name":"wp","href":"https:\/\/api.w.org\/{rel}","templated":true}]}}