{"id":1489,"date":"2022-04-12T08:32:48","date_gmt":"2022-04-12T06:32:48","guid":{"rendered":"http:\/\/gite-courtillas.fr\/?p=1489"},"modified":"2022-04-12T08:32:52","modified_gmt":"2022-04-12T06:32:52","slug":"cuisine-refaite","status":"publish","type":"post","link":"https:\/\/gite-courtillas.fr\/index.php\/2022\/04\/12\/cuisine-refaite\/","title":{"rendered":"Cuisine refaite !"},"content":{"rendered":"\n<figure class=\"wp-block-gallery columns-3 is-cropped wp-block-gallery-1 is-layout-flex wp-block-gallery-is-layout-flex\"><ul class=\"blocks-gallery-grid\"><li class=\"blocks-gallery-item\"><figure><a href=\"http:\/\/gite-courtillas.fr\/wp-content\/uploads\/2022\/04\/Cuisine1-min-scaled.jpg\"><img loading=\"lazy\" decoding=\"async\" width=\"1024\" height=\"768\" src=\"http:\/\/gite-courtillas.fr\/wp-content\/uploads\/2022\/04\/Cuisine1-min-1024x768.jpg\" alt=\"\" data-id=\"1478\" data-full-url=\"http:\/\/gite-courtillas.fr\/wp-content\/uploads\/2022\/04\/Cuisine1-min-scaled.jpg\" data-link=\"http:\/\/gite-courtillas.fr\/cuisine1-min\/\" class=\"wp-image-1478\" srcset=\"https:\/\/gite-courtillas.fr\/wp-content\/uploads\/2022\/04\/Cuisine1-min-1024x768.jpg 1024w, https:\/\/gite-courtillas.fr\/wp-content\/uploads\/2022\/04\/Cuisine1-min-300x225.jpg 300w, https:\/\/gite-courtillas.fr\/wp-content\/uploads\/2022\/04\/Cuisine1-min-768x576.jpg 768w, https:\/\/gite-courtillas.fr\/wp-content\/uploads\/2022\/04\/Cuisine1-min-1536x1152.jpg 1536w, https:\/\/gite-courtillas.fr\/wp-content\/uploads\/2022\/04\/Cuisine1-min-2048x1536.jpg 2048w, https:\/\/gite-courtillas.fr\/wp-content\/uploads\/2022\/04\/Cuisine1-min-200x150.jpg 200w, https:\/\/gite-courtillas.fr\/wp-content\/uploads\/2022\/04\/Cuisine1-min-150x113.jpg 150w\" sizes=\"auto, (max-width: 1024px) 100vw, 1024px\" \/><\/a><figcaption class=\"blocks-gallery-item__caption\">Plus moderne plus claire plus fonctionnelle<\/figcaption><\/figure><\/li><li class=\"blocks-gallery-item\"><figure><a href=\"http:\/\/gite-courtillas.fr\/wp-content\/uploads\/2022\/04\/Cuisine2-min-scaled.jpg\"><img loading=\"lazy\" decoding=\"async\" width=\"1024\" height=\"768\" src=\"http:\/\/gite-courtillas.fr\/wp-content\/uploads\/2022\/04\/Cuisine2-min-1024x768.jpg\" alt=\"\" data-id=\"1479\" data-full-url=\"http:\/\/gite-courtillas.fr\/wp-content\/uploads\/2022\/04\/Cuisine2-min-scaled.jpg\" data-link=\"http:\/\/gite-courtillas.fr\/cuisine2-min\/\" class=\"wp-image-1479\" srcset=\"https:\/\/gite-courtillas.fr\/wp-content\/uploads\/2022\/04\/Cuisine2-min-1024x768.jpg 1024w, https:\/\/gite-courtillas.fr\/wp-content\/uploads\/2022\/04\/Cuisine2-min-300x225.jpg 300w, https:\/\/gite-courtillas.fr\/wp-content\/uploads\/2022\/04\/Cuisine2-min-768x576.jpg 768w, https:\/\/gite-courtillas.fr\/wp-content\/uploads\/2022\/04\/Cuisine2-min-1536x1152.jpg 1536w, https:\/\/gite-courtillas.fr\/wp-content\/uploads\/2022\/04\/Cuisine2-min-2048x1536.jpg 2048w, https:\/\/gite-courtillas.fr\/wp-content\/uploads\/2022\/04\/Cuisine2-min-200x150.jpg 200w, https:\/\/gite-courtillas.fr\/wp-content\/uploads\/2022\/04\/Cuisine2-min-150x113.jpg 150w\" sizes=\"auto, (max-width: 1024px) 100vw, 1024px\" \/><\/a><figcaption class=\"blocks-gallery-item__caption\">Plan de travail d\u00e9gag\u00e9, plus pratique<\/figcaption><\/figure><\/li><li class=\"blocks-gallery-item\"><figure><a href=\"http:\/\/gite-courtillas.fr\/wp-content\/uploads\/2022\/04\/Cuisinearriere-min-scaled.jpg\"><img loading=\"lazy\" decoding=\"async\" width=\"768\" height=\"1024\" src=\"http:\/\/gite-courtillas.fr\/wp-content\/uploads\/2022\/04\/Cuisinearriere-min-768x1024.jpg\" alt=\"\" data-id=\"1480\" data-full-url=\"http:\/\/gite-courtillas.fr\/wp-content\/uploads\/2022\/04\/Cuisinearriere-min-scaled.jpg\" data-link=\"http:\/\/gite-courtillas.fr\/cuisinearriere-min\/\" class=\"wp-image-1480\" srcset=\"https:\/\/gite-courtillas.fr\/wp-content\/uploads\/2022\/04\/Cuisinearriere-min-768x1024.jpg 768w, https:\/\/gite-courtillas.fr\/wp-content\/uploads\/2022\/04\/Cuisinearriere-min-225x300.jpg 225w, https:\/\/gite-courtillas.fr\/wp-content\/uploads\/2022\/04\/Cuisinearriere-min-1152x1536.jpg 1152w, https:\/\/gite-courtillas.fr\/wp-content\/uploads\/2022\/04\/Cuisinearriere-min-1536x2048.jpg 1536w, https:\/\/gite-courtillas.fr\/wp-content\/uploads\/2022\/04\/Cuisinearriere-min-113x150.jpg 113w, https:\/\/gite-courtillas.fr\/wp-content\/uploads\/2022\/04\/Cuisinearriere-min-scaled.jpg 1920w\" sizes=\"auto, (max-width: 768px) 100vw, 768px\" \/><\/a><figcaption class=\"blocks-gallery-item__caption\">Arri\u00e8re cuisine r\u00e9organis\u00e9e<\/figcaption><\/figure><\/li><\/ul><\/figure>\n\n\n\n<p>Cliquer pour agrandir.<\/p>\n","protected":false},"excerpt":{"rendered":"<p>Cliquer pour agrandir. <a class=\"continue-reading-link\" href=\"https:\/\/gite-courtillas.fr\/index.php\/2022\/04\/12\/cuisine-refaite\/\">En lire plus &#8230;.<\/a><\/p>\n","protected":false},"author":1,"featured_media":0,"comment_status":"closed","ping_status":"open","sticky":false,"template":"","format":"image","meta":{"_jetpack_memberships_contains_paid_content":false,"footnotes":"","jetpack_publicize_message":"","jetpack_publicize_feature_enabled":true,"jetpack_social_post_already_shared":true,"jetpack_social_options":{"image_generator_settings":{"template":"highway","default_image_id":0,"font":"","enabled":false},"version":2}},"categories":[6],"tags":[],"class_list":["post-1489","post","type-post","status-publish","format-image","hentry","category-equipinter","post_format-post-format-image"],"yoast_head":"<!-- This site is optimized with the Yoast SEO plugin v22.0 - https:\/\/yoast.com\/wordpress\/plugins\/seo\/ -->\n<title>Cuisine refaite ! - Gite de Courtillas<\/title>\n<meta name=\"description\" content=\"Plus moderne plus claire plus fonctionnellePlan de travail d\u00e9gag\u00e9, plus pratiqueArri\u00e8re cuisine r\u00e9organis\u00e9e  Cliquer pour agrandir.\" \/>\n<meta name=\"robots\" content=\"index, follow, max-snippet:-1, max-image-preview:large, max-video-preview:-1\" \/>\n<link rel=\"canonical\" href=\"http:\/\/gite-courtillas.fr\/index.php\/2022\/04\/12\/cuisine-refaite\/\" \/>\n<meta property=\"og:locale\" content=\"fr_FR\" \/>\n<meta property=\"og:type\" content=\"article\" \/>\n<meta property=\"og:title\" content=\"Cuisine refaite ! - Gite de Courtillas\" \/>\n<meta property=\"og:description\" content=\"Plus moderne plus claire plus fonctionnellePlan de travail d\u00e9gag\u00e9, plus pratiqueArri\u00e8re cuisine r\u00e9organis\u00e9e  Cliquer pour agrandir.\" \/>\n<meta property=\"og:url\" content=\"http:\/\/gite-courtillas.fr\/index.php\/2022\/04\/12\/cuisine-refaite\/\" \/>\n<meta property=\"og:site_name\" content=\"Gite de Courtillas\" \/>\n<meta property=\"article:publisher\" content=\"https:\/\/www.facebook.com\/Le-Gite-192389200812938\/\" \/>\n<meta property=\"article:published_time\" content=\"2022-04-12T06:32:48+00:00\" \/>\n<meta property=\"article:modified_time\" content=\"2022-04-12T06:32:52+00:00\" \/>\n<meta property=\"og:image\" content=\"http:\/\/gite-courtillas.fr\/wp-content\/uploads\/2022\/04\/Cuisine1-min-1024x768.jpg\" \/>\n<meta name=\"author\" content=\"francis\" \/>\n<meta name=\"twitter:card\" content=\"summary_large_image\" \/>\n<meta name=\"twitter:label1\" content=\"\u00c9crit par\" \/>\n\t<meta name=\"twitter:data1\" content=\"francis\" \/>\n\t<meta name=\"twitter:label2\" content=\"Dur\u00e9e de lecture estim\u00e9e\" \/>\n\t<meta name=\"twitter:data2\" content=\"1 minute\" \/>\n<script type=\"application\/ld+json\" class=\"yoast-schema-graph\">{\"@context\":\"https:\/\/schema.org\",\"@graph\":[{\"@type\":\"Article\",\"@id\":\"http:\/\/gite-courtillas.fr\/index.php\/2022\/04\/12\/cuisine-refaite\/#article\",\"isPartOf\":{\"@id\":\"http:\/\/gite-courtillas.fr\/index.php\/2022\/04\/12\/cuisine-refaite\/\"},\"author\":{\"name\":\"francis\",\"@id\":\"http:\/\/gite-courtillas.fr\/#\/schema\/person\/23bde0450bc50548ab78056c31e41474\"},\"headline\":\"Cuisine refaite !\",\"datePublished\":\"2022-04-12T06:32:48+00:00\",\"dateModified\":\"2022-04-12T06:32:52+00:00\",\"mainEntityOfPage\":{\"@id\":\"http:\/\/gite-courtillas.fr\/index.php\/2022\/04\/12\/cuisine-refaite\/\"},\"wordCount\":24,\"publisher\":{\"@id\":\"http:\/\/gite-courtillas.fr\/#organization\"},\"articleSection\":[\"Equipement Int\u00e9rieur\"],\"inLanguage\":\"fr-FR\"},{\"@type\":\"WebPage\",\"@id\":\"http:\/\/gite-courtillas.fr\/index.php\/2022\/04\/12\/cuisine-refaite\/\",\"url\":\"http:\/\/gite-courtillas.fr\/index.php\/2022\/04\/12\/cuisine-refaite\/\",\"name\":\"Cuisine refaite ! - Gite de Courtillas\",\"isPartOf\":{\"@id\":\"http:\/\/gite-courtillas.fr\/#website\"},\"datePublished\":\"2022-04-12T06:32:48+00:00\",\"dateModified\":\"2022-04-12T06:32:52+00:00\",\"description\":\"Plus moderne plus claire plus fonctionnellePlan de travail d\u00e9gag\u00e9, plus pratiqueArri\u00e8re cuisine r\u00e9organis\u00e9e Cliquer pour agrandir.\",\"breadcrumb\":{\"@id\":\"http:\/\/gite-courtillas.fr\/index.php\/2022\/04\/12\/cuisine-refaite\/#breadcrumb\"},\"inLanguage\":\"fr-FR\",\"potentialAction\":[{\"@type\":\"ReadAction\",\"target\":[\"http:\/\/gite-courtillas.fr\/index.php\/2022\/04\/12\/cuisine-refaite\/\"]}]},{\"@type\":\"BreadcrumbList\",\"@id\":\"http:\/\/gite-courtillas.fr\/index.php\/2022\/04\/12\/cuisine-refaite\/#breadcrumb\",\"itemListElement\":[{\"@type\":\"ListItem\",\"position\":1,\"name\":\"Accueil\",\"item\":\"http:\/\/gite-courtillas.fr\/\"},{\"@type\":\"ListItem\",\"position\":2,\"name\":\"Equipement Int\u00e9rieur\",\"item\":\"http:\/\/gite-courtillas.fr\/index.php\/cat\/equipinter\/\"},{\"@type\":\"ListItem\",\"position\":3,\"name\":\"Cuisine refaite !\"}]},{\"@type\":\"WebSite\",\"@id\":\"http:\/\/gite-courtillas.fr\/#website\",\"url\":\"http:\/\/gite-courtillas.fr\/\",\"name\":\"Gite de Courtillas\",\"description\":\"Tourisme vert et baignades en Charente\",\"publisher\":{\"@id\":\"http:\/\/gite-courtillas.fr\/#organization\"},\"potentialAction\":[{\"@type\":\"SearchAction\",\"target\":{\"@type\":\"EntryPoint\",\"urlTemplate\":\"http:\/\/gite-courtillas.fr\/?s={search_term_string}\"},\"query-input\":\"required name=search_term_string\"}],\"inLanguage\":\"fr-FR\"},{\"@type\":\"Organization\",\"@id\":\"http:\/\/gite-courtillas.fr\/#organization\",\"name\":\"Gite de Courtillas\",\"url\":\"http:\/\/gite-courtillas.fr\/\",\"logo\":{\"@type\":\"ImageObject\",\"inLanguage\":\"fr-FR\",\"@id\":\"http:\/\/gite-courtillas.fr\/#\/schema\/logo\/image\/\",\"url\":\"http:\/\/gite-courtillas.fr\/wp-content\/uploads\/2015\/12\/cropped-Gite_Courtillas_Access_lite.jpg\",\"contentUrl\":\"http:\/\/gite-courtillas.fr\/wp-content\/uploads\/2015\/12\/cropped-Gite_Courtillas_Access_lite.jpg\",\"width\":512,\"height\":512,\"caption\":\"Gite de Courtillas\"},\"image\":{\"@id\":\"http:\/\/gite-courtillas.fr\/#\/schema\/logo\/image\/\"},\"sameAs\":[\"https:\/\/www.facebook.com\/Le-Gite-192389200812938\/\"]},{\"@type\":\"Person\",\"@id\":\"http:\/\/gite-courtillas.fr\/#\/schema\/person\/23bde0450bc50548ab78056c31e41474\",\"name\":\"francis\",\"image\":{\"@type\":\"ImageObject\",\"inLanguage\":\"fr-FR\",\"@id\":\"http:\/\/gite-courtillas.fr\/#\/schema\/person\/image\/\",\"url\":\"https:\/\/secure.gravatar.com\/avatar\/c56ff74627aaba0a14a4287f9201ecd5dfc04a1ac8b8423bc5262e71cbde3266?s=96&d=mm&r=g\",\"contentUrl\":\"https:\/\/secure.gravatar.com\/avatar\/c56ff74627aaba0a14a4287f9201ecd5dfc04a1ac8b8423bc5262e71cbde3266?s=96&d=mm&r=g\",\"caption\":\"francis\"}}]}<\/script>\n<!-- \/ Yoast SEO plugin. -->","yoast_head_json":{"title":"Cuisine refaite ! - Gite de Courtillas","description":"Plus moderne plus claire plus fonctionnellePlan de travail d\u00e9gag\u00e9, plus pratiqueArri\u00e8re cuisine r\u00e9organis\u00e9e  Cliquer pour agrandir.","robots":{"index":"index","follow":"follow","max-snippet":"max-snippet:-1","max-image-preview":"max-image-preview:large","max-video-preview":"max-video-preview:-1"},"canonical":"http:\/\/gite-courtillas.fr\/index.php\/2022\/04\/12\/cuisine-refaite\/","og_locale":"fr_FR","og_type":"article","og_title":"Cuisine refaite ! - Gite de Courtillas","og_description":"Plus moderne plus claire plus fonctionnellePlan de travail d\u00e9gag\u00e9, plus pratiqueArri\u00e8re cuisine r\u00e9organis\u00e9e  Cliquer pour agrandir.","og_url":"http:\/\/gite-courtillas.fr\/index.php\/2022\/04\/12\/cuisine-refaite\/","og_site_name":"Gite de Courtillas","article_publisher":"https:\/\/www.facebook.com\/Le-Gite-192389200812938\/","article_published_time":"2022-04-12T06:32:48+00:00","article_modified_time":"2022-04-12T06:32:52+00:00","og_image":[{"url":"http:\/\/gite-courtillas.fr\/wp-content\/uploads\/2022\/04\/Cuisine1-min-1024x768.jpg"}],"author":"francis","twitter_card":"summary_large_image","twitter_misc":{"\u00c9crit par":"francis","Dur\u00e9e de lecture estim\u00e9e":"1 minute"},"schema":{"@context":"https:\/\/schema.org","@graph":[{"@type":"Article","@id":"http:\/\/gite-courtillas.fr\/index.php\/2022\/04\/12\/cuisine-refaite\/#article","isPartOf":{"@id":"http:\/\/gite-courtillas.fr\/index.php\/2022\/04\/12\/cuisine-refaite\/"},"author":{"name":"francis","@id":"http:\/\/gite-courtillas.fr\/#\/schema\/person\/23bde0450bc50548ab78056c31e41474"},"headline":"Cuisine refaite !","datePublished":"2022-04-12T06:32:48+00:00","dateModified":"2022-04-12T06:32:52+00:00","mainEntityOfPage":{"@id":"http:\/\/gite-courtillas.fr\/index.php\/2022\/04\/12\/cuisine-refaite\/"},"wordCount":24,"publisher":{"@id":"http:\/\/gite-courtillas.fr\/#organization"},"articleSection":["Equipement Int\u00e9rieur"],"inLanguage":"fr-FR"},{"@type":"WebPage","@id":"http:\/\/gite-courtillas.fr\/index.php\/2022\/04\/12\/cuisine-refaite\/","url":"http:\/\/gite-courtillas.fr\/index.php\/2022\/04\/12\/cuisine-refaite\/","name":"Cuisine refaite ! - Gite de Courtillas","isPartOf":{"@id":"http:\/\/gite-courtillas.fr\/#website"},"datePublished":"2022-04-12T06:32:48+00:00","dateModified":"2022-04-12T06:32:52+00:00","description":"Plus moderne plus claire plus fonctionnellePlan de travail d\u00e9gag\u00e9, plus pratiqueArri\u00e8re cuisine r\u00e9organis\u00e9e Cliquer pour agrandir.","breadcrumb":{"@id":"http:\/\/gite-courtillas.fr\/index.php\/2022\/04\/12\/cuisine-refaite\/#breadcrumb"},"inLanguage":"fr-FR","potentialAction":[{"@type":"ReadAction","target":["http:\/\/gite-courtillas.fr\/index.php\/2022\/04\/12\/cuisine-refaite\/"]}]},{"@type":"BreadcrumbList","@id":"http:\/\/gite-courtillas.fr\/index.php\/2022\/04\/12\/cuisine-refaite\/#breadcrumb","itemListElement":[{"@type":"ListItem","position":1,"name":"Accueil","item":"http:\/\/gite-courtillas.fr\/"},{"@type":"ListItem","position":2,"name":"Equipement Int\u00e9rieur","item":"http:\/\/gite-courtillas.fr\/index.php\/cat\/equipinter\/"},{"@type":"ListItem","position":3,"name":"Cuisine refaite !"}]},{"@type":"WebSite","@id":"http:\/\/gite-courtillas.fr\/#website","url":"http:\/\/gite-courtillas.fr\/","name":"Gite de Courtillas","description":"Tourisme vert et baignades en Charente","publisher":{"@id":"http:\/\/gite-courtillas.fr\/#organization"},"potentialAction":[{"@type":"SearchAction","target":{"@type":"EntryPoint","urlTemplate":"http:\/\/gite-courtillas.fr\/?s={search_term_string}"},"query-input":"required name=search_term_string"}],"inLanguage":"fr-FR"},{"@type":"Organization","@id":"http:\/\/gite-courtillas.fr\/#organization","name":"Gite de Courtillas","url":"http:\/\/gite-courtillas.fr\/","logo":{"@type":"ImageObject","inLanguage":"fr-FR","@id":"http:\/\/gite-courtillas.fr\/#\/schema\/logo\/image\/","url":"http:\/\/gite-courtillas.fr\/wp-content\/uploads\/2015\/12\/cropped-Gite_Courtillas_Access_lite.jpg","contentUrl":"http:\/\/gite-courtillas.fr\/wp-content\/uploads\/2015\/12\/cropped-Gite_Courtillas_Access_lite.jpg","width":512,"height":512,"caption":"Gite de Courtillas"},"image":{"@id":"http:\/\/gite-courtillas.fr\/#\/schema\/logo\/image\/"},"sameAs":["https:\/\/www.facebook.com\/Le-Gite-192389200812938\/"]},{"@type":"Person","@id":"http:\/\/gite-courtillas.fr\/#\/schema\/person\/23bde0450bc50548ab78056c31e41474","name":"francis","image":{"@type":"ImageObject","inLanguage":"fr-FR","@id":"http:\/\/gite-courtillas.fr\/#\/schema\/person\/image\/","url":"https:\/\/secure.gravatar.com\/avatar\/c56ff74627aaba0a14a4287f9201ecd5dfc04a1ac8b8423bc5262e71cbde3266?s=96&d=mm&r=g","contentUrl":"https:\/\/secure.gravatar.com\/avatar\/c56ff74627aaba0a14a4287f9201ecd5dfc04a1ac8b8423bc5262e71cbde3266?s=96&d=mm&r=g","caption":"francis"}}]}},"jetpack_publicize_connections":[],"jetpack_featured_media_url":"","jetpack_sharing_enabled":true,"_links":{"self":[{"href":"https:\/\/gite-courtillas.fr\/index.php\/wp-json\/wp\/v2\/posts\/1489","targetHints":{"allow":["GET"]}}],"collection":[{"href":"https:\/\/gite-courtillas.fr\/index.php\/wp-json\/wp\/v2\/posts"}],"about":[{"href":"https:\/\/gite-courtillas.fr\/index.php\/wp-json\/wp\/v2\/types\/post"}],"author":[{"embeddable":true,"href":"https:\/\/gite-courtillas.fr\/index.php\/wp-json\/wp\/v2\/users\/1"}],"replies":[{"embeddable":true,"href":"https:\/\/gite-courtillas.fr\/index.php\/wp-json\/wp\/v2\/comments?post=1489"}],"version-history":[{"count":2,"href":"https:\/\/gite-courtillas.fr\/index.php\/wp-json\/wp\/v2\/posts\/1489\/revisions"}],"predecessor-version":[{"id":1491,"href":"https:\/\/gite-courtillas.fr\/index.php\/wp-json\/wp\/v2\/posts\/1489\/revisions\/1491"}],"wp:attachment":[{"href":"https:\/\/gite-courtillas.fr\/index.php\/wp-json\/wp\/v2\/media?parent=1489"}],"wp:term":[{"taxonomy":"category","embeddable":true,"href":"https:\/\/gite-courtillas.fr\/index.php\/wp-json\/wp\/v2\/categories?post=1489"},{"taxonomy":"post_tag","embeddable":true,"href":"https:\/\/gite-courtillas.fr\/index.php\/wp-json\/wp\/v2\/tags?post=1489"}],"curies":[{"name":"wp","href":"https:\/\/api.w.org\/{rel}","templated":true}]}}